{"id":523,"date":"2020-05-22T12:55:25","date_gmt":"2020-05-22T12:55:25","guid":{"rendered":"https:\/\/fotografie-hotz.ch\/fotografie\/?p=523"},"modified":"2020-05-22T20:06:37","modified_gmt":"2020-05-22T20:06:37","slug":"die-qual-der-wahl","status":"publish","type":"post","link":"https:\/\/fotografie-hotz.ch\/fotografie\/2020\/05\/22\/die-qual-der-wahl\/","title":{"rendered":"Die Qual der Wahl"},"content":{"rendered":"<p style=\"text-align: justify;\">Wer selber fotografiert kennt das auch. Man geht zu einem Fotopunkt, macht seine Bilder, eine sch\u00f6ne Auswahl. Daheim dann kommt der Augenblick der Wahrheit, sind sie gelungen oder etwa doch nicht. Dann geht es ans aussortieren, ausw\u00e4hlen, nur die Besten schaffen es ins K\u00f6rbchen.&nbsp;<\/p>\n<p><!--more--><\/p>\n<p style=\"text-align: justify;\">Nun habe ich an mehreren Tagen meine Fotoidee an verschiedenen Standorten realisiert. Bedingung war, im Vordergrund muss ein Meer an L\u00f6wenzahnbl\u00fcten im sch\u00f6nsten Gelb zu sehen sein. Die Besten Bilder ausgew\u00e4hlt und jetzt geht es darum das Bild auszuw\u00e4hlen, welches es schlussendlich in den Graub\u00fcnden-Bahn-Kalender 2021 f\u00fcr den Monat Mai schafft.&nbsp;<\/p>\n<p style=\"text-align: justify;\">Ich selbst bekunde damit immer etwas M\u00fche, an jedem Bild habe ich etwas zu bem\u00e4ngeln. Ist \u00fcberhaupt ein Bild gut genug um den Platz im Kalender zu bekommen?&nbsp;<\/p>\n<p style=\"text-align: justify;\">Hier zeige ich euch mal meine Vorauswahl. Helft ihr mir diesmal bei der Auswahl? Schreibt mir doch in den Kommentaren welches Bild ihr ausw\u00e4hlen w\u00fcrdet. Ich freue mich auf eure Voten. Die Bilder sind noch nicht fertig bearbeitet, den Feinschliff bekommt dann das Siegerbild.<\/p>\n<p>Herzliche Gr\u00fcsse&nbsp;<\/p>\n<p>Ihr Mario Hotz<\/p>\n\n\n<figure class=\"wp-block-gallery columns-3 is-cropped wp-block-gallery-1 is-layout-flex wp-block-gallery-is-layout-flex\"><ul class=\"blocks-gallery-grid\"><li class=\"blocks-gallery-item\"><figure><a href=\"https:\/\/fotografie-hotz.ch\/fotografie\/wp-content\/uploads\/2020\/05\/Kalender_Auswahl_Mai-0100.jpg\"><img fetchpriority=\"high\" decoding=\"async\" width=\"1900\" height=\"1425\" src=\"https:\/\/fotografie-hotz.ch\/fotografie\/wp-content\/uploads\/2020\/05\/Kalender_Auswahl_Mai-0100.jpg\" alt=\"\" data-id=\"524\" data-full-url=\"https:\/\/fotografie-hotz.ch\/fotografie\/wp-content\/uploads\/2020\/05\/Kalender_Auswahl_Mai-0100.jpg\" data-link=\"https:\/\/fotografie-hotz.ch\/fotografie\/?attachment_id=524\" class=\"wp-image-524\" srcset=\"https:\/\/fotografie-hotz.ch\/fotografie\/wp-content\/uploads\/2020\/05\/Kalender_Auswahl_Mai-0100.jpg 1900w, https:\/\/fotografie-hotz.ch\/fotografie\/wp-content\/uploads\/2020\/05\/Kalender_Auswahl_Mai-0100-300x225.jpg 300w, https:\/\/fotografie-hotz.ch\/fotografie\/wp-content\/uploads\/2020\/05\/Kalender_Auswahl_Mai-0100-1024x768.jpg 1024w, https:\/\/fotografie-hotz.ch\/fotografie\/wp-content\/uploads\/2020\/05\/Kalender_Auswahl_Mai-0100-768x576.jpg 768w, https:\/\/fotografie-hotz.ch\/fotografie\/wp-content\/uploads\/2020\/05\/Kalender_Auswahl_Mai-0100-1536x1152.jpg 1536w, https:\/\/fotografie-hotz.ch\/fotografie\/wp-content\/uploads\/2020\/05\/Kalender_Auswahl_Mai-0100-1200x900.jpg 1200w\" sizes=\"(max-width: 1900px) 100vw, 1900px\" \/><\/a><figcaption class=\"blocks-gallery-item__caption\">Mai 1<\/figcaption><\/figure><\/li><li class=\"blocks-gallery-item\"><figure><a href=\"https:\/\/fotografie-hotz.ch\/fotografie\/wp-content\/uploads\/2020\/05\/Kalender_Auswahl_Mai-0117.jpg\"><img decoding=\"async\" width=\"1900\" height=\"1425\" src=\"https:\/\/fotografie-hotz.ch\/fotografie\/wp-content\/uploads\/2020\/05\/Kalender_Auswahl_Mai-0117.jpg\" alt=\"\" data-id=\"525\" data-full-url=\"https:\/\/fotografie-hotz.ch\/fotografie\/wp-content\/uploads\/2020\/05\/Kalender_Auswahl_Mai-0117.jpg\" data-link=\"https:\/\/fotografie-hotz.ch\/fotografie\/?attachment_id=525\" class=\"wp-image-525\" srcset=\"https:\/\/fotografie-hotz.ch\/fotografie\/wp-content\/uploads\/2020\/05\/Kalender_Auswahl_Mai-0117.jpg 1900w, https:\/\/fotografie-hotz.ch\/fotografie\/wp-content\/uploads\/2020\/05\/Kalender_Auswahl_Mai-0117-300x225.jpg 300w, https:\/\/fotografie-hotz.ch\/fotografie\/wp-content\/uploads\/2020\/05\/Kalender_Auswahl_Mai-0117-1024x768.jpg 1024w, https:\/\/fotografie-hotz.ch\/fotografie\/wp-content\/uploads\/2020\/05\/Kalender_Auswahl_Mai-0117-768x576.jpg 768w, https:\/\/fotografie-hotz.ch\/fotografie\/wp-content\/uploads\/2020\/05\/Kalender_Auswahl_Mai-0117-1536x1152.jpg 1536w, https:\/\/fotografie-hotz.ch\/fotografie\/wp-content\/uploads\/2020\/05\/Kalender_Auswahl_Mai-0117-1200x900.jpg 1200w\" sizes=\"(max-width: 1900px) 100vw, 1900px\" \/><\/a><figcaption class=\"blocks-gallery-item__caption\">Mai 2<\/figcaption><\/figure><\/li><li class=\"blocks-gallery-item\"><figure><a href=\"https:\/\/fotografie-hotz.ch\/fotografie\/wp-content\/uploads\/2020\/05\/Kalender_Auswahl_Mai-0124.jpg\"><img decoding=\"async\" width=\"1900\" height=\"1425\" src=\"https:\/\/fotografie-hotz.ch\/fotografie\/wp-content\/uploads\/2020\/05\/Kalender_Auswahl_Mai-0124.jpg\" alt=\"\" data-id=\"526\" data-full-url=\"https:\/\/fotografie-hotz.ch\/fotografie\/wp-content\/uploads\/2020\/05\/Kalender_Auswahl_Mai-0124.jpg\" data-link=\"https:\/\/fotografie-hotz.ch\/fotografie\/?attachment_id=526\" class=\"wp-image-526\" srcset=\"https:\/\/fotografie-hotz.ch\/fotografie\/wp-content\/uploads\/2020\/05\/Kalender_Auswahl_Mai-0124.jpg 1900w, https:\/\/fotografie-hotz.ch\/fotografie\/wp-content\/uploads\/2020\/05\/Kalender_Auswahl_Mai-0124-300x225.jpg 300w, https:\/\/fotografie-hotz.ch\/fotografie\/wp-content\/uploads\/2020\/05\/Kalender_Auswahl_Mai-0124-1024x768.jpg 1024w, https:\/\/fotografie-hotz.ch\/fotografie\/wp-content\/uploads\/2020\/05\/Kalender_Auswahl_Mai-0124-768x576.jpg 768w, https:\/\/fotografie-hotz.ch\/fotografie\/wp-content\/uploads\/2020\/05\/Kalender_Auswahl_Mai-0124-1536x1152.jpg 1536w, https:\/\/fotografie-hotz.ch\/fotografie\/wp-content\/uploads\/2020\/05\/Kalender_Auswahl_Mai-0124-1200x900.jpg 1200w\" sizes=\"(max-width: 1900px) 100vw, 1900px\" \/><\/a><figcaption class=\"blocks-gallery-item__caption\">Mai 3<\/figcaption><\/figure><\/li><li class=\"blocks-gallery-item\"><figure><a href=\"https:\/\/fotografie-hotz.ch\/fotografie\/wp-content\/uploads\/2020\/05\/Kalender_Auswahl_Mai-0320.jpg\"><img loading=\"lazy\" decoding=\"async\" width=\"1900\" height=\"1425\" src=\"https:\/\/fotografie-hotz.ch\/fotografie\/wp-content\/uploads\/2020\/05\/Kalender_Auswahl_Mai-0320.jpg\" alt=\"\" data-id=\"527\" data-full-url=\"https:\/\/fotografie-hotz.ch\/fotografie\/wp-content\/uploads\/2020\/05\/Kalender_Auswahl_Mai-0320.jpg\" data-link=\"https:\/\/fotografie-hotz.ch\/fotografie\/?attachment_id=527\" class=\"wp-image-527\" srcset=\"https:\/\/fotografie-hotz.ch\/fotografie\/wp-content\/uploads\/2020\/05\/Kalender_Auswahl_Mai-0320.jpg 1900w, https:\/\/fotografie-hotz.ch\/fotografie\/wp-content\/uploads\/2020\/05\/Kalender_Auswahl_Mai-0320-300x225.jpg 300w, https:\/\/fotografie-hotz.ch\/fotografie\/wp-content\/uploads\/2020\/05\/Kalender_Auswahl_Mai-0320-1024x768.jpg 1024w, https:\/\/fotografie-hotz.ch\/fotografie\/wp-content\/uploads\/2020\/05\/Kalender_Auswahl_Mai-0320-768x576.jpg 768w, https:\/\/fotografie-hotz.ch\/fotografie\/wp-content\/uploads\/2020\/05\/Kalender_Auswahl_Mai-0320-1536x1152.jpg 1536w, https:\/\/fotografie-hotz.ch\/fotografie\/wp-content\/uploads\/2020\/05\/Kalender_Auswahl_Mai-0320-1200x900.jpg 1200w\" sizes=\"(max-width: 1900px) 100vw, 1900px\" \/><\/a><figcaption class=\"blocks-gallery-item__caption\">Mai 4<\/figcaption><\/figure><\/li><li class=\"blocks-gallery-item\"><figure><a href=\"https:\/\/fotografie-hotz.ch\/fotografie\/wp-content\/uploads\/2020\/05\/Kalender_Auswahl_Mai-0335.jpg\"><img loading=\"lazy\" decoding=\"async\" width=\"1900\" height=\"1425\" src=\"https:\/\/fotografie-hotz.ch\/fotografie\/wp-content\/uploads\/2020\/05\/Kalender_Auswahl_Mai-0335.jpg\" alt=\"\" data-id=\"528\" data-full-url=\"https:\/\/fotografie-hotz.ch\/fotografie\/wp-content\/uploads\/2020\/05\/Kalender_Auswahl_Mai-0335.jpg\" data-link=\"https:\/\/fotografie-hotz.ch\/fotografie\/?attachment_id=528\" class=\"wp-image-528\" srcset=\"https:\/\/fotografie-hotz.ch\/fotografie\/wp-content\/uploads\/2020\/05\/Kalender_Auswahl_Mai-0335.jpg 1900w, https:\/\/fotografie-hotz.ch\/fotografie\/wp-content\/uploads\/2020\/05\/Kalender_Auswahl_Mai-0335-300x225.jpg 300w, https:\/\/fotografie-hotz.ch\/fotografie\/wp-content\/uploads\/2020\/05\/Kalender_Auswahl_Mai-0335-1024x768.jpg 1024w, https:\/\/fotografie-hotz.ch\/fotografie\/wp-content\/uploads\/2020\/05\/Kalender_Auswahl_Mai-0335-768x576.jpg 768w, https:\/\/fotografie-hotz.ch\/fotografie\/wp-content\/uploads\/2020\/05\/Kalender_Auswahl_Mai-0335-1536x1152.jpg 1536w, https:\/\/fotografie-hotz.ch\/fotografie\/wp-content\/uploads\/2020\/05\/Kalender_Auswahl_Mai-0335-1200x900.jpg 1200w\" sizes=\"(max-width: 1900px) 100vw, 1900px\" \/><\/a><figcaption class=\"blocks-gallery-item__caption\">Mai 5<\/figcaption><\/figure><\/li><li class=\"blocks-gallery-item\"><figure><a href=\"https:\/\/fotografie-hotz.ch\/fotografie\/wp-content\/uploads\/2020\/05\/Kalender_Auswahl_Mai-0347.jpg\"><img loading=\"lazy\" decoding=\"async\" width=\"1900\" height=\"1425\" src=\"https:\/\/fotografie-hotz.ch\/fotografie\/wp-content\/uploads\/2020\/05\/Kalender_Auswahl_Mai-0347.jpg\" alt=\"\" data-id=\"529\" data-full-url=\"https:\/\/fotografie-hotz.ch\/fotografie\/wp-content\/uploads\/2020\/05\/Kalender_Auswahl_Mai-0347.jpg\" data-link=\"https:\/\/fotografie-hotz.ch\/fotografie\/?attachment_id=529\" class=\"wp-image-529\" srcset=\"https:\/\/fotografie-hotz.ch\/fotografie\/wp-content\/uploads\/2020\/05\/Kalender_Auswahl_Mai-0347.jpg 1900w, https:\/\/fotografie-hotz.ch\/fotografie\/wp-content\/uploads\/2020\/05\/Kalender_Auswahl_Mai-0347-300x225.jpg 300w, https:\/\/fotografie-hotz.ch\/fotografie\/wp-content\/uploads\/2020\/05\/Kalender_Auswahl_Mai-0347-1024x768.jpg 1024w, https:\/\/fotografie-hotz.ch\/fotografie\/wp-content\/uploads\/2020\/05\/Kalender_Auswahl_Mai-0347-768x576.jpg 768w, https:\/\/fotografie-hotz.ch\/fotografie\/wp-content\/uploads\/2020\/05\/Kalender_Auswahl_Mai-0347-1536x1152.jpg 1536w, https:\/\/fotografie-hotz.ch\/fotografie\/wp-content\/uploads\/2020\/05\/Kalender_Auswahl_Mai-0347-1200x900.jpg 1200w\" sizes=\"(max-width: 1900px) 100vw, 1900px\" \/><\/a><figcaption class=\"blocks-gallery-item__caption\">Mai 6<\/figcaption><\/figure><\/li><li class=\"blocks-gallery-item\"><figure><a href=\"https:\/\/fotografie-hotz.ch\/fotografie\/wp-content\/uploads\/2020\/05\/Kalender_Auswahl_Mai-0357.jpg\"><img loading=\"lazy\" decoding=\"async\" width=\"1900\" height=\"1425\" src=\"https:\/\/fotografie-hotz.ch\/fotografie\/wp-content\/uploads\/2020\/05\/Kalender_Auswahl_Mai-0357.jpg\" alt=\"\" data-id=\"530\" data-full-url=\"https:\/\/fotografie-hotz.ch\/fotografie\/wp-content\/uploads\/2020\/05\/Kalender_Auswahl_Mai-0357.jpg\" data-link=\"https:\/\/fotografie-hotz.ch\/fotografie\/?attachment_id=530\" class=\"wp-image-530\" srcset=\"https:\/\/fotografie-hotz.ch\/fotografie\/wp-content\/uploads\/2020\/05\/Kalender_Auswahl_Mai-0357.jpg 1900w, https:\/\/fotografie-hotz.ch\/fotografie\/wp-content\/uploads\/2020\/05\/Kalender_Auswahl_Mai-0357-300x225.jpg 300w, https:\/\/fotografie-hotz.ch\/fotografie\/wp-content\/uploads\/2020\/05\/Kalender_Auswahl_Mai-0357-1024x768.jpg 1024w, https:\/\/fotografie-hotz.ch\/fotografie\/wp-content\/uploads\/2020\/05\/Kalender_Auswahl_Mai-0357-768x576.jpg 768w, https:\/\/fotografie-hotz.ch\/fotografie\/wp-content\/uploads\/2020\/05\/Kalender_Auswahl_Mai-0357-1536x1152.jpg 1536w, https:\/\/fotografie-hotz.ch\/fotografie\/wp-content\/uploads\/2020\/05\/Kalender_Auswahl_Mai-0357-1200x900.jpg 1200w\" sizes=\"(max-width: 1900px) 100vw, 1900px\" \/><\/a><figcaption class=\"blocks-gallery-item__caption\">Mai 7<\/figcaption><\/figure><\/li><\/ul><\/figure>\n","protected":false},"excerpt":{"rendered":"<p>Wer selber fotografiert kennt das auch. Man geht zu einem Fotopunkt, macht seine Bilder, eine sch\u00f6ne Auswahl. Daheim dann kommt der Augenblick der Wahrheit, sind sie gelungen oder etwa doch nicht. Dann geht es ans aussortieren, ausw\u00e4hlen, nur die Besten schaffen es ins K\u00f6rbchen.&nbsp;<\/p>\n","protected":false},"author":1,"featured_media":526,"comment_status":"open","ping_status":"open","sticky":false,"template":"","format":"standard","meta":{"ngg_post_thumbnail":0,"footnotes":""},"categories":[1],"tags":[12,14,13,7,9,8,10,11],"class_list":["post-523","post","type-post","status-publish","format-standard","has-post-thumbnail","hentry","category-uncategorized","tag-engadin","tag-fruehling","tag-graubuenden","tag-kalender","tag-loewenzahn","tag-mai","tag-rhaetische-bahn","tag-zernez"],"_links":{"self":[{"href":"https:\/\/fotografie-hotz.ch\/fotografie\/wp-json\/wp\/v2\/posts\/523","targetHints":{"allow":["GET"]}}],"collection":[{"href":"https:\/\/fotografie-hotz.ch\/fotografie\/wp-json\/wp\/v2\/posts"}],"about":[{"href":"https:\/\/fotografie-hotz.ch\/fotografie\/wp-json\/wp\/v2\/types\/post"}],"author":[{"embeddable":true,"href":"https:\/\/fotografie-hotz.ch\/fotografie\/wp-json\/wp\/v2\/users\/1"}],"replies":[{"embeddable":true,"href":"https:\/\/fotografie-hotz.ch\/fotografie\/wp-json\/wp\/v2\/comments?post=523"}],"version-history":[{"count":5,"href":"https:\/\/fotografie-hotz.ch\/fotografie\/wp-json\/wp\/v2\/posts\/523\/revisions"}],"predecessor-version":[{"id":535,"href":"https:\/\/fotografie-hotz.ch\/fotografie\/wp-json\/wp\/v2\/posts\/523\/revisions\/535"}],"wp:featuredmedia":[{"embeddable":true,"href":"https:\/\/fotografie-hotz.ch\/fotografie\/wp-json\/wp\/v2\/media\/526"}],"wp:attachment":[{"href":"https:\/\/fotografie-hotz.ch\/fotografie\/wp-json\/wp\/v2\/media?parent=523"}],"wp:term":[{"taxonomy":"category","embeddable":true,"href":"https:\/\/fotografie-hotz.ch\/fotografie\/wp-json\/wp\/v2\/categories?post=523"},{"taxonomy":"post_tag","embeddable":true,"href":"https:\/\/fotografie-hotz.ch\/fotografie\/wp-json\/wp\/v2\/tags?post=523"}],"curies":[{"name":"wp","href":"https:\/\/api.w.org\/{rel}","templated":true}]}}